{"id":4468,"date":"2020-03-16T17:31:22","date_gmt":"2020-03-16T17:31:22","guid":{"rendered":"http:\/\/bajantessinobras.com\/?p=4468"},"modified":"2020-09-02T17:28:24","modified_gmt":"2020-09-02T17:28:24","slug":"trabajos-realizados-a-enero-2020","status":"publish","type":"post","link":"https:\/\/bajantessinobras.com\/?p=4468","title":{"rendered":"TRABAJOS REALIZADOS  2020"},"content":{"rendered":"<p>TRABAJOS REALIZADOS\u00a0 2.020<\/p>\n<p>Paseo los Casta\u00f1os 2 cp aguadulce (Almer\u00eda)<\/p>\n<p><img loading=\"lazy\" decoding=\"async\" class=\"alignnone size-medium wp-image-4546\" src=\"\/wp-content\/uploads\/2020\/03\/PHOTO-2020-03-18-14-51-13-142x300.jpg\" alt=\"\" width=\"142\" height=\"300\" srcset=\"https:\/\/bajantessinobras.com\/wp-content\/uploads\/2020\/03\/PHOTO-2020-03-18-14-51-13-142x300.jpg 142w, https:\/\/bajantessinobras.com\/wp-content\/uploads\/2020\/03\/PHOTO-2020-03-18-14-51-13-484x1024.jpg 484w, https:\/\/bajantessinobras.com\/wp-content\/uploads\/2020\/03\/PHOTO-2020-03-18-14-51-13.jpg 757w\" sizes=\"auto, (max-width: 142px) 100vw, 142px\" \/><\/p>\n<p>Carrera del Per\u00fa, n. 70 (Almer\u00eda)<\/p>\n<p><img loading=\"lazy\" decoding=\"async\" class=\"alignnone size-medium wp-image-4545\" src=\"\/wp-content\/uploads\/2020\/03\/PHOTO-2020-03-18-14-51-13-1-142x300.jpg\" alt=\"\" width=\"142\" height=\"300\" srcset=\"https:\/\/bajantessinobras.com\/wp-content\/uploads\/2020\/03\/PHOTO-2020-03-18-14-51-13-1-142x300.jpg 142w, https:\/\/bajantessinobras.com\/wp-content\/uploads\/2020\/03\/PHOTO-2020-03-18-14-51-13-1-484x1024.jpg 484w, https:\/\/bajantessinobras.com\/wp-content\/uploads\/2020\/03\/PHOTO-2020-03-18-14-51-13-1.jpg 757w\" sizes=\"auto, (max-width: 142px) 100vw, 142px\" \/><\/p>\n<p>Calle Buenavista, n. 60 Cabo de Gata.<\/p>\n<p><img loading=\"lazy\" decoding=\"async\" class=\"alignnone size-medium wp-image-4544\" src=\"\/wp-content\/uploads\/2020\/03\/PHOTO-2020-03-18-15-02-34-142x300.jpg\" alt=\"\" width=\"142\" height=\"300\" srcset=\"https:\/\/bajantessinobras.com\/wp-content\/uploads\/2020\/03\/PHOTO-2020-03-18-15-02-34-142x300.jpg 142w, https:\/\/bajantessinobras.com\/wp-content\/uploads\/2020\/03\/PHOTO-2020-03-18-15-02-34-484x1024.jpg 484w, https:\/\/bajantessinobras.com\/wp-content\/uploads\/2020\/03\/PHOTO-2020-03-18-15-02-34.jpg 757w\" sizes=\"auto, (max-width: 142px) 100vw, 142px\" \/><\/p>\n<p>Plaza Doctor N\u00fa\u00f1ez, n. 5 (Almer\u00eda)<\/p>\n<p><img loading=\"lazy\" decoding=\"async\" class=\"alignnone size-medium wp-image-4543\" src=\"\/wp-content\/uploads\/2020\/03\/PHOTO-2020-03-18-15-02-35-142x300.jpg\" alt=\"\" width=\"142\" height=\"300\" srcset=\"https:\/\/bajantessinobras.com\/wp-content\/uploads\/2020\/03\/PHOTO-2020-03-18-15-02-35-142x300.jpg 142w, https:\/\/bajantessinobras.com\/wp-content\/uploads\/2020\/03\/PHOTO-2020-03-18-15-02-35-484x1024.jpg 484w, https:\/\/bajantessinobras.com\/wp-content\/uploads\/2020\/03\/PHOTO-2020-03-18-15-02-35.jpg 757w\" sizes=\"auto, (max-width: 142px) 100vw, 142px\" \/><\/p>\n<p>Avda. Alexander Rosello\u00a0 (Palma Mallorca)<\/p>\n<p><img loading=\"lazy\" decoding=\"async\" class=\"alignnone size-medium wp-image-4542\" src=\"\/wp-content\/uploads\/2020\/03\/PHOTO-2020-03-19-08-35-57-300x169.jpg\" alt=\"\" width=\"300\" height=\"169\" srcset=\"https:\/\/bajantessinobras.com\/wp-content\/uploads\/2020\/03\/PHOTO-2020-03-19-08-35-57-300x169.jpg 300w, https:\/\/bajantessinobras.com\/wp-content\/uploads\/2020\/03\/PHOTO-2020-03-19-08-35-57-768x432.jpg 768w, https:\/\/bajantessinobras.com\/wp-content\/uploads\/2020\/03\/PHOTO-2020-03-19-08-35-57-1024x576.jpg 1024w, https:\/\/bajantessinobras.com\/wp-content\/uploads\/2020\/03\/PHOTO-2020-03-19-08-35-57.jpg 1600w\" sizes=\"auto, (max-width: 300px) 100vw, 300px\" \/><\/p>\n<p>Calle Roger deTur, n. 11 (Zaragoza)<\/p>\n<p><img loading=\"lazy\" decoding=\"async\" class=\"alignnone size-medium wp-image-4541\" src=\"\/wp-content\/uploads\/2020\/03\/PHOTO-2020-04-22-17-58-43-168x300.jpg\" alt=\"\" width=\"168\" height=\"300\" srcset=\"https:\/\/bajantessinobras.com\/wp-content\/uploads\/2020\/03\/PHOTO-2020-04-22-17-58-43-168x300.jpg 168w, https:\/\/bajantessinobras.com\/wp-content\/uploads\/2020\/03\/PHOTO-2020-04-22-17-58-43-768x1368.jpg 768w, https:\/\/bajantessinobras.com\/wp-content\/uploads\/2020\/03\/PHOTO-2020-04-22-17-58-43-575x1024.jpg 575w, https:\/\/bajantessinobras.com\/wp-content\/uploads\/2020\/03\/PHOTO-2020-04-22-17-58-43.jpg 898w\" sizes=\"auto, (max-width: 168px) 100vw, 168px\" \/> \u00a0\u00a0 <img loading=\"lazy\" decoding=\"async\" class=\"alignnone size-medium wp-image-4540\" src=\"\/wp-content\/uploads\/2020\/03\/PHOTO-2020-04-22-17-58-43-1-168x300.jpg\" alt=\"\" width=\"168\" height=\"300\" srcset=\"https:\/\/bajantessinobras.com\/wp-content\/uploads\/2020\/03\/PHOTO-2020-04-22-17-58-43-1-168x300.jpg 168w, https:\/\/bajantessinobras.com\/wp-content\/uploads\/2020\/03\/PHOTO-2020-04-22-17-58-43-1-768x1368.jpg 768w, https:\/\/bajantessinobras.com\/wp-content\/uploads\/2020\/03\/PHOTO-2020-04-22-17-58-43-1-575x1024.jpg 575w, https:\/\/bajantessinobras.com\/wp-content\/uploads\/2020\/03\/PHOTO-2020-04-22-17-58-43-1.jpg 898w\" sizes=\"auto, (max-width: 168px) 100vw, 168px\" \/><\/p>\n<p>Duquesa Villahermosa n. 21 (Zaragoza)<\/p>\n<p><img loading=\"lazy\" decoding=\"async\" class=\"alignnone size-medium wp-image-4539\" src=\"\/wp-content\/uploads\/2020\/03\/PHOTO-2020-04-22-17-59-58-225x300.jpg\" alt=\"\" width=\"225\" height=\"300\" srcset=\"https:\/\/bajantessinobras.com\/wp-content\/uploads\/2020\/03\/PHOTO-2020-04-22-17-59-58-225x300.jpg 225w, https:\/\/bajantessinobras.com\/wp-content\/uploads\/2020\/03\/PHOTO-2020-04-22-17-59-58-768x1024.jpg 768w, https:\/\/bajantessinobras.com\/wp-content\/uploads\/2020\/03\/PHOTO-2020-04-22-17-59-58.jpg 1200w\" sizes=\"auto, (max-width: 225px) 100vw, 225px\" \/><\/p>\n<p>Calle Pedro Aleixandre, n. 45 (Valencia)<\/p>\n<p><img loading=\"lazy\" decoding=\"async\" class=\"alignnone size-medium wp-image-4538\" src=\"\/wp-content\/uploads\/2020\/03\/PHOTO-2020-05-29-12-20-49-225x300.jpg\" alt=\"\" width=\"225\" height=\"300\" srcset=\"https:\/\/bajantessinobras.com\/wp-content\/uploads\/2020\/03\/PHOTO-2020-05-29-12-20-49-225x300.jpg 225w, https:\/\/bajantessinobras.com\/wp-content\/uploads\/2020\/03\/PHOTO-2020-05-29-12-20-49-768x1022.jpg 768w, https:\/\/bajantessinobras.com\/wp-content\/uploads\/2020\/03\/PHOTO-2020-05-29-12-20-49-769x1024.jpg 769w, https:\/\/bajantessinobras.com\/wp-content\/uploads\/2020\/03\/PHOTO-2020-05-29-12-20-49.jpg 1202w\" sizes=\"auto, (max-width: 225px) 100vw, 225px\" \/><\/p>\n<p>C.P. los Cipreses Arenales del Sol ( Alicante)<\/p>\n<p><img loading=\"lazy\" decoding=\"async\" class=\"alignnone size-medium wp-image-4537\" src=\"\/wp-content\/uploads\/2020\/03\/PHOTO-2020-06-05-10-57-59-300x225.jpg\" alt=\"\" width=\"300\" height=\"225\" srcset=\"https:\/\/bajantessinobras.com\/wp-content\/uploads\/2020\/03\/PHOTO-2020-06-05-10-57-59-300x225.jpg 300w, https:\/\/bajantessinobras.com\/wp-content\/uploads\/2020\/03\/PHOTO-2020-06-05-10-57-59-768x577.jpg 768w, https:\/\/bajantessinobras.com\/wp-content\/uploads\/2020\/03\/PHOTO-2020-06-05-10-57-59-1024x769.jpg 1024w, https:\/\/bajantessinobras.com\/wp-content\/uploads\/2020\/03\/PHOTO-2020-06-05-10-57-59.jpg 1600w\" sizes=\"auto, (max-width: 300px) 100vw, 300px\" \/><\/p>\n<p>Edificio Bah\u00eda III Arenales del Sol ( Alicante)<\/p>\n<p><img loading=\"lazy\" decoding=\"async\" class=\"alignnone size-medium wp-image-4536\" src=\"\/wp-content\/uploads\/2020\/03\/PHOTO-2020-06-17-13-44-52-300x225.jpg\" alt=\"\" width=\"300\" height=\"225\" srcset=\"https:\/\/bajantessinobras.com\/wp-content\/uploads\/2020\/03\/PHOTO-2020-06-17-13-44-52-300x225.jpg 300w, https:\/\/bajantessinobras.com\/wp-content\/uploads\/2020\/03\/PHOTO-2020-06-17-13-44-52-768x577.jpg 768w, https:\/\/bajantessinobras.com\/wp-content\/uploads\/2020\/03\/PHOTO-2020-06-17-13-44-52-1024x770.jpg 1024w, https:\/\/bajantessinobras.com\/wp-content\/uploads\/2020\/03\/PHOTO-2020-06-17-13-44-52.jpg 2048w\" sizes=\"auto, (max-width: 300px) 100vw, 300px\" \/><\/p>\n<p>Calle Ciudad Melilla n. 13(M\u00e1laga)<\/p>\n<p><img loading=\"lazy\" decoding=\"async\" class=\"alignnone size-medium wp-image-4535\" src=\"\/wp-content\/uploads\/2020\/03\/PHOTO-2020-06-30-13-43-13-225x300.jpg\" alt=\"\" width=\"225\" height=\"300\" srcset=\"https:\/\/bajantessinobras.com\/wp-content\/uploads\/2020\/03\/PHOTO-2020-06-30-13-43-13-225x300.jpg 225w, https:\/\/bajantessinobras.com\/wp-content\/uploads\/2020\/03\/PHOTO-2020-06-30-13-43-13-768x1024.jpg 768w, https:\/\/bajantessinobras.com\/wp-content\/uploads\/2020\/03\/PHOTO-2020-06-30-13-43-13.jpg 1200w\" sizes=\"auto, (max-width: 225px) 100vw, 225px\" \/><\/p>\n<p>Avenida Lorenzo Carbonell n\u00b0 39 ( Alicante )<\/p>\n<p><img loading=\"lazy\" decoding=\"async\" class=\"alignnone size-medium wp-image-4534\" src=\"\/wp-content\/uploads\/2020\/03\/PHOTO-2020-07-23-13-38-22-150x300.jpg\" alt=\"\" width=\"150\" height=\"300\" srcset=\"https:\/\/bajantessinobras.com\/wp-content\/uploads\/2020\/03\/PHOTO-2020-07-23-13-38-22-150x300.jpg 150w, https:\/\/bajantessinobras.com\/wp-content\/uploads\/2020\/03\/PHOTO-2020-07-23-13-38-22-768x1536.jpg 768w, https:\/\/bajantessinobras.com\/wp-content\/uploads\/2020\/03\/PHOTO-2020-07-23-13-38-22-512x1024.jpg 512w, https:\/\/bajantessinobras.com\/wp-content\/uploads\/2020\/03\/PHOTO-2020-07-23-13-38-22.jpg 1024w\" sizes=\"auto, (max-width: 150px) 100vw, 150px\" \/><\/p>\n<p>Calle Hern\u00e1ndez Mira, n. 33 (Alicante)<\/p>\n<p><img loading=\"lazy\" decoding=\"async\" class=\"alignnone size-medium wp-image-4533\" src=\"\/wp-content\/uploads\/2020\/03\/PHOTO-2020-08-27-08-57-20-225x300.jpg\" alt=\"\" width=\"225\" height=\"300\" srcset=\"https:\/\/bajantessinobras.com\/wp-content\/uploads\/2020\/03\/PHOTO-2020-08-27-08-57-20-225x300.jpg 225w, https:\/\/bajantessinobras.com\/wp-content\/uploads\/2020\/03\/PHOTO-2020-08-27-08-57-20-768x1022.jpg 768w, https:\/\/bajantessinobras.com\/wp-content\/uploads\/2020\/03\/PHOTO-2020-08-27-08-57-20-769x1024.jpg 769w, https:\/\/bajantessinobras.com\/wp-content\/uploads\/2020\/03\/PHOTO-2020-08-27-08-57-20.jpg 1202w\" sizes=\"auto, (max-width: 225px) 100vw, 225px\" \/><\/p>\n<p>Calle San Vicente 50 ( Castell\u00f3n)<\/p>\n<p><img loading=\"lazy\" decoding=\"async\" class=\"alignnone size-medium wp-image-4505\" src=\"\/wp-content\/uploads\/2020\/02\/PHOTO-2020-02-12-18-28-28-150x300.jpg\" alt=\"\" width=\"150\" height=\"300\" srcset=\"https:\/\/bajantessinobras.com\/wp-content\/uploads\/2020\/02\/PHOTO-2020-02-12-18-28-28-150x300.jpg 150w, https:\/\/bajantessinobras.com\/wp-content\/uploads\/2020\/02\/PHOTO-2020-02-12-18-28-28-512x1024.jpg 512w, https:\/\/bajantessinobras.com\/wp-content\/uploads\/2020\/02\/PHOTO-2020-02-12-18-28-28.jpg 720w\" sizes=\"auto, (max-width: 150px) 100vw, 150px\" \/><\/p>\n<p>Calle Antonio Machado, 1 San Fernando de Henares (Madrid)<\/p>\n<p><img loading=\"lazy\" decoding=\"async\" class=\"alignnone size-medium wp-image-4506\" src=\"\/wp-content\/uploads\/2020\/02\/PHOTO-2020-02-19-09-03-39-169x300.jpg\" alt=\"\" width=\"169\" height=\"300\" srcset=\"https:\/\/bajantessinobras.com\/wp-content\/uploads\/2020\/02\/PHOTO-2020-02-19-09-03-39-169x300.jpg 169w, https:\/\/bajantessinobras.com\/wp-content\/uploads\/2020\/02\/PHOTO-2020-02-19-09-03-39-768x1365.jpg 768w, https:\/\/bajantessinobras.com\/wp-content\/uploads\/2020\/02\/PHOTO-2020-02-19-09-03-39-576x1024.jpg 576w, https:\/\/bajantessinobras.com\/wp-content\/uploads\/2020\/02\/PHOTO-2020-02-19-09-03-39.jpg 810w\" sizes=\"auto, (max-width: 169px) 100vw, 169px\" \/><\/p>\n<p>Calle Calerruega\u00a0 n. 28 Madrid<\/p>\n<p><img loading=\"lazy\" decoding=\"async\" class=\"alignnone size-medium wp-image-4507\" src=\"\/wp-content\/uploads\/2020\/02\/PHOTO-2020-02-20-15-20-04-150x300.jpg\" alt=\"\" width=\"150\" height=\"300\" srcset=\"https:\/\/bajantessinobras.com\/wp-content\/uploads\/2020\/02\/PHOTO-2020-02-20-15-20-04-150x300.jpg 150w, https:\/\/bajantessinobras.com\/wp-content\/uploads\/2020\/02\/PHOTO-2020-02-20-15-20-04-768x1536.jpg 768w, https:\/\/bajantessinobras.com\/wp-content\/uploads\/2020\/02\/PHOTO-2020-02-20-15-20-04-512x1024.jpg 512w, https:\/\/bajantessinobras.com\/wp-content\/uploads\/2020\/02\/PHOTO-2020-02-20-15-20-04.jpg 800w\" sizes=\"auto, (max-width: 150px) 100vw, 150px\" \/><\/p>\n<p>Calle de la Estrella\u00a0 Naos n. 16\u00a0 Madrid<\/p>\n<p><img loading=\"lazy\" decoding=\"async\" class=\"alignnone size-medium wp-image-4508\" src=\"\/wp-content\/uploads\/2020\/02\/PHOTO-2020-02-20-15-21-04-150x300.jpg\" alt=\"\" width=\"150\" height=\"300\" srcset=\"https:\/\/bajantessinobras.com\/wp-content\/uploads\/2020\/02\/PHOTO-2020-02-20-15-21-04-150x300.jpg 150w, https:\/\/bajantessinobras.com\/wp-content\/uploads\/2020\/02\/PHOTO-2020-02-20-15-21-04-768x1536.jpg 768w, https:\/\/bajantessinobras.com\/wp-content\/uploads\/2020\/02\/PHOTO-2020-02-20-15-21-04-512x1024.jpg 512w, https:\/\/bajantessinobras.com\/wp-content\/uploads\/2020\/02\/PHOTO-2020-02-20-15-21-04.jpg 800w\" sizes=\"auto, (max-width: 150px) 100vw, 150px\" \/><\/p>\n<p>Edificio Montemar\u00a0 Benic\u00e0ssim ( Castell\u00f3n )<\/p>\n<p><img loading=\"lazy\" decoding=\"async\" class=\"alignnone size-medium wp-image-4509\" src=\"\/wp-content\/uploads\/2020\/02\/PHOTO-2020-02-21-10-15-47-225x300.jpg\" alt=\"\" width=\"225\" height=\"300\" srcset=\"https:\/\/bajantessinobras.com\/wp-content\/uploads\/2020\/02\/PHOTO-2020-02-21-10-15-47-225x300.jpg 225w, https:\/\/bajantessinobras.com\/wp-content\/uploads\/2020\/02\/PHOTO-2020-02-21-10-15-47-768x1022.jpg 768w, https:\/\/bajantessinobras.com\/wp-content\/uploads\/2020\/02\/PHOTO-2020-02-21-10-15-47-769x1024.jpg 769w, https:\/\/bajantessinobras.com\/wp-content\/uploads\/2020\/02\/PHOTO-2020-02-21-10-15-47.jpg 1202w\" sizes=\"auto, (max-width: 225px) 100vw, 225px\" \/><\/p>\n<p>Comunidad de propietarios Urb. Los Olivos, N. 2Olias Del Rey , TOLEDO<\/p>\n<p><img loading=\"lazy\" decoding=\"async\" class=\"alignnone size-medium wp-image-4510\" src=\"\/wp-content\/uploads\/2020\/02\/PHOTO-2020-03-04-13-50-07-300x217.jpg\" alt=\"\" width=\"300\" height=\"217\" srcset=\"https:\/\/bajantessinobras.com\/wp-content\/uploads\/2020\/02\/PHOTO-2020-03-04-13-50-07-300x217.jpg 300w, https:\/\/bajantessinobras.com\/wp-content\/uploads\/2020\/02\/PHOTO-2020-03-04-13-50-07-768x557.jpg 768w, https:\/\/bajantessinobras.com\/wp-content\/uploads\/2020\/02\/PHOTO-2020-03-04-13-50-07.jpg 807w\" sizes=\"auto, (max-width: 300px) 100vw, 300px\" \/><\/p>\n<p>C\/ Betanzos, n. 79 Madrid<\/p>\n<p><img loading=\"lazy\" decoding=\"async\" class=\"alignnone size-medium wp-image-4511\" src=\"\/wp-content\/uploads\/2020\/02\/PHOTO-2020-02-25-10-46-26-169x300.jpg\" alt=\"\" width=\"169\" height=\"300\" srcset=\"https:\/\/bajantessinobras.com\/wp-content\/uploads\/2020\/02\/PHOTO-2020-02-25-10-46-26-169x300.jpg 169w, https:\/\/bajantessinobras.com\/wp-content\/uploads\/2020\/02\/PHOTO-2020-02-25-10-46-26-768x1365.jpg 768w, https:\/\/bajantessinobras.com\/wp-content\/uploads\/2020\/02\/PHOTO-2020-02-25-10-46-26-576x1024.jpg 576w, https:\/\/bajantessinobras.com\/wp-content\/uploads\/2020\/02\/PHOTO-2020-02-25-10-46-26.jpg 810w\" sizes=\"auto, (max-width: 169px) 100vw, 169px\" \/><\/p>\n<p>C\/ Vegafria, n. 7 Madrid<\/p>\n<p><img loading=\"lazy\" decoding=\"async\" class=\"alignnone size-medium wp-image-4512\" src=\"\/wp-content\/uploads\/2020\/02\/PHOTO-2020-03-02-13-19-23-169x300.jpg\" alt=\"\" width=\"169\" height=\"300\" srcset=\"https:\/\/bajantessinobras.com\/wp-content\/uploads\/2020\/02\/PHOTO-2020-03-02-13-19-23-169x300.jpg 169w, https:\/\/bajantessinobras.com\/wp-content\/uploads\/2020\/02\/PHOTO-2020-03-02-13-19-23-768x1365.jpg 768w, https:\/\/bajantessinobras.com\/wp-content\/uploads\/2020\/02\/PHOTO-2020-03-02-13-19-23-576x1024.jpg 576w, https:\/\/bajantessinobras.com\/wp-content\/uploads\/2020\/02\/PHOTO-2020-03-02-13-19-23.jpg 1152w\" sizes=\"auto, (max-width: 169px) 100vw, 169px\" \/><\/p>\n<p>Paseo del Toyo, n. 134 Almer\u00eda<\/p>\n<p><img loading=\"lazy\" decoding=\"async\" class=\"alignnone size-medium wp-image-4513\" src=\"\/wp-content\/uploads\/2020\/02\/PHOTO-2020-03-05-12-07-58-148x300.jpg\" alt=\"\" width=\"148\" height=\"300\" srcset=\"https:\/\/bajantessinobras.com\/wp-content\/uploads\/2020\/02\/PHOTO-2020-03-05-12-07-58-148x300.jpg 148w, https:\/\/bajantessinobras.com\/wp-content\/uploads\/2020\/02\/PHOTO-2020-03-05-12-07-58-768x1558.jpg 768w, https:\/\/bajantessinobras.com\/wp-content\/uploads\/2020\/02\/PHOTO-2020-03-05-12-07-58-505x1024.jpg 505w, https:\/\/bajantessinobras.com\/wp-content\/uploads\/2020\/02\/PHOTO-2020-03-05-12-07-58.jpg 788w\" sizes=\"auto, (max-width: 148px) 100vw, 148px\" \/><\/p>\n<p>Padre Mendez, n.\u00a0 113 Almer\u00eda<\/p>\n<p><img loading=\"lazy\" decoding=\"async\" class=\"alignnone size-medium wp-image-4514\" src=\"\/wp-content\/uploads\/2020\/02\/PHOTO-2020-03-05-12-07-58-1-225x300.jpg\" alt=\"\" width=\"225\" height=\"300\" srcset=\"https:\/\/bajantessinobras.com\/wp-content\/uploads\/2020\/02\/PHOTO-2020-03-05-12-07-58-1-225x300.jpg 225w, https:\/\/bajantessinobras.com\/wp-content\/uploads\/2020\/02\/PHOTO-2020-03-05-12-07-58-1-768x1024.jpg 768w, https:\/\/bajantessinobras.com\/wp-content\/uploads\/2020\/02\/PHOTO-2020-03-05-12-07-58-1.jpg 1200w\" sizes=\"auto, (max-width: 225px) 100vw, 225px\" \/><\/p>\n<p>Calle Argollones, n. 5 Almer\u00eda<\/p>\n<p><img loading=\"lazy\" decoding=\"async\" class=\"alignnone size-medium wp-image-4515\" src=\"\/wp-content\/uploads\/2020\/02\/PHOTO-2020-03-05-12-07-59-225x300.jpg\" alt=\"\" width=\"225\" height=\"300\" srcset=\"https:\/\/bajantessinobras.com\/wp-content\/uploads\/2020\/02\/PHOTO-2020-03-05-12-07-59-225x300.jpg 225w, https:\/\/bajantessinobras.com\/wp-content\/uploads\/2020\/02\/PHOTO-2020-03-05-12-07-59-768x1024.jpg 768w, https:\/\/bajantessinobras.com\/wp-content\/uploads\/2020\/02\/PHOTO-2020-03-05-12-07-59.jpg 1200w\" sizes=\"auto, (max-width: 225px) 100vw, 225px\" \/><\/p>\n<p>Calle \u00c1lvarez de Sotomayor, n. 41 Almer\u00eda<\/p>\n<p><img loading=\"lazy\" decoding=\"async\" class=\"alignnone size-medium wp-image-4516\" src=\"\/wp-content\/uploads\/2020\/02\/PHOTO-2020-03-05-12-07-59-1-225x300.jpg\" alt=\"\" width=\"225\" height=\"300\" srcset=\"https:\/\/bajantessinobras.com\/wp-content\/uploads\/2020\/02\/PHOTO-2020-03-05-12-07-59-1-225x300.jpg 225w, https:\/\/bajantessinobras.com\/wp-content\/uploads\/2020\/02\/PHOTO-2020-03-05-12-07-59-1-768x1024.jpg 768w, https:\/\/bajantessinobras.com\/wp-content\/uploads\/2020\/02\/PHOTO-2020-03-05-12-07-59-1.jpg 1200w\" sizes=\"auto, (max-width: 225px) 100vw, 225px\" \/><\/p>\n<p>Calle Campogris, n. 17 Almer\u00eda<\/p>\n<p><img loading=\"lazy\" decoding=\"async\" class=\"alignnone size-medium wp-image-4517\" src=\"\/wp-content\/uploads\/2020\/02\/PHOTO-2020-03-05-12-07-59-2-169x300.jpg\" alt=\"\" width=\"169\" height=\"300\" srcset=\"https:\/\/bajantessinobras.com\/wp-content\/uploads\/2020\/02\/PHOTO-2020-03-05-12-07-59-2-169x300.jpg 169w, https:\/\/bajantessinobras.com\/wp-content\/uploads\/2020\/02\/PHOTO-2020-03-05-12-07-59-2-768x1365.jpg 768w, https:\/\/bajantessinobras.com\/wp-content\/uploads\/2020\/02\/PHOTO-2020-03-05-12-07-59-2-576x1024.jpg 576w, https:\/\/bajantessinobras.com\/wp-content\/uploads\/2020\/02\/PHOTO-2020-03-05-12-07-59-2.jpg 900w\" sizes=\"auto, (max-width: 169px) 100vw, 169px\" \/><\/p>\n<p>Paseo San Luis, n. 3 Almer\u00eda<\/p>\n<p><img loading=\"lazy\" decoding=\"async\" class=\"alignnone size-medium wp-image-4518\" src=\"\/wp-content\/uploads\/2020\/02\/PHOTO-2020-03-05-12-08-00-142x300.jpg\" alt=\"\" width=\"142\" height=\"300\" srcset=\"https:\/\/bajantessinobras.com\/wp-content\/uploads\/2020\/02\/PHOTO-2020-03-05-12-08-00-142x300.jpg 142w, https:\/\/bajantessinobras.com\/wp-content\/uploads\/2020\/02\/PHOTO-2020-03-05-12-08-00-484x1024.jpg 484w, https:\/\/bajantessinobras.com\/wp-content\/uploads\/2020\/02\/PHOTO-2020-03-05-12-08-00.jpg 757w\" sizes=\"auto, (max-width: 142px) 100vw, 142px\" \/><\/p>\n<p>Avda Barcelona, n.91\u00a0 Cuevas de Almanzora Almer\u00eda<\/p>\n<p><img loading=\"lazy\" decoding=\"async\" class=\"alignnone size-medium wp-image-4519\" src=\"\/wp-content\/uploads\/2020\/02\/PHOTO-2020-03-05-12-08-00-1-225x300.jpg\" alt=\"\" width=\"225\" height=\"300\" srcset=\"https:\/\/bajantessinobras.com\/wp-content\/uploads\/2020\/02\/PHOTO-2020-03-05-12-08-00-1-225x300.jpg 225w, https:\/\/bajantessinobras.com\/wp-content\/uploads\/2020\/02\/PHOTO-2020-03-05-12-08-00-1-768x1024.jpg 768w, https:\/\/bajantessinobras.com\/wp-content\/uploads\/2020\/02\/PHOTO-2020-03-05-12-08-00-1.jpg 1200w\" sizes=\"auto, (max-width: 225px) 100vw, 225px\" \/><\/p>\n<p>Calle Ceuta, n. 14 Almer\u00eda<\/p>\n<p><img loading=\"lazy\" decoding=\"async\" class=\"alignnone size-medium wp-image-4520\" src=\"\/wp-content\/uploads\/2020\/02\/PHOTO-2020-03-05-12-08-00-2-169x300.jpg\" alt=\"\" width=\"169\" height=\"300\" srcset=\"https:\/\/bajantessinobras.com\/wp-content\/uploads\/2020\/02\/PHOTO-2020-03-05-12-08-00-2-169x300.jpg 169w, https:\/\/bajantessinobras.com\/wp-content\/uploads\/2020\/02\/PHOTO-2020-03-05-12-08-00-2-768x1365.jpg 768w, https:\/\/bajantessinobras.com\/wp-content\/uploads\/2020\/02\/PHOTO-2020-03-05-12-08-00-2-576x1024.jpg 576w, https:\/\/bajantessinobras.com\/wp-content\/uploads\/2020\/02\/PHOTO-2020-03-05-12-08-00-2.jpg 900w\" sizes=\"auto, (max-width: 169px) 100vw, 169px\" \/><\/p>\n<p>Ayuntamiento de Alcala de Henares Madrid<\/p>\n<p><img loading=\"lazy\" decoding=\"async\" class=\"alignnone size-medium wp-image-4521\" src=\"\/wp-content\/uploads\/2020\/02\/PHOTO-2020-03-11-10-30-49-300x169.jpg\" alt=\"\" width=\"300\" height=\"169\" srcset=\"https:\/\/bajantessinobras.com\/wp-content\/uploads\/2020\/02\/PHOTO-2020-03-11-10-30-49-300x169.jpg 300w, https:\/\/bajantessinobras.com\/wp-content\/uploads\/2020\/02\/PHOTO-2020-03-11-10-30-49-768x432.jpg 768w, https:\/\/bajantessinobras.com\/wp-content\/uploads\/2020\/02\/PHOTO-2020-03-11-10-30-49-1024x576.jpg 1024w, https:\/\/bajantessinobras.com\/wp-content\/uploads\/2020\/02\/PHOTO-2020-03-11-10-30-49.jpg 1600w\" sizes=\"auto, (max-width: 300px) 100vw, 300px\" \/><\/p>\n<p>Cale Almer\u00eda, n. 6 Viator<\/p>\n<p><img loading=\"lazy\" decoding=\"async\" class=\"alignnone size-medium wp-image-4522\" src=\"\/wp-content\/uploads\/2020\/02\/PHOTO-2020-03-11-14-21-46-142x300.jpg\" alt=\"\" width=\"142\" height=\"300\" srcset=\"https:\/\/bajantessinobras.com\/wp-content\/uploads\/2020\/02\/PHOTO-2020-03-11-14-21-46-142x300.jpg 142w, https:\/\/bajantessinobras.com\/wp-content\/uploads\/2020\/02\/PHOTO-2020-03-11-14-21-46-484x1024.jpg 484w, https:\/\/bajantessinobras.com\/wp-content\/uploads\/2020\/02\/PHOTO-2020-03-11-14-21-46.jpg 757w\" sizes=\"auto, (max-width: 142px) 100vw, 142px\" \/><\/p>\n<p>Calle Gerona, n. 18 Almer\u00eda<\/p>\n<p><img loading=\"lazy\" decoding=\"async\" class=\"alignnone size-medium wp-image-4523\" src=\"\/wp-content\/uploads\/2020\/02\/PHOTO-2020-03-11-15-22-59-142x300.jpg\" alt=\"\" width=\"142\" height=\"300\" srcset=\"https:\/\/bajantessinobras.com\/wp-content\/uploads\/2020\/02\/PHOTO-2020-03-11-15-22-59-142x300.jpg 142w, https:\/\/bajantessinobras.com\/wp-content\/uploads\/2020\/02\/PHOTO-2020-03-11-15-22-59-484x1024.jpg 484w, https:\/\/bajantessinobras.com\/wp-content\/uploads\/2020\/02\/PHOTO-2020-03-11-15-22-59.jpg 757w\" sizes=\"auto, (max-width: 142px) 100vw, 142px\" \/><\/p>\n<p>Calle Tejar, n. 57 Almer\u00eda<\/p>\n<p><img loading=\"lazy\" decoding=\"async\" class=\"alignnone size-medium wp-image-4524\" src=\"\/wp-content\/uploads\/2020\/02\/PHOTO-2020-03-12-14-41-28-169x300.jpg\" alt=\"\" width=\"169\" height=\"300\" srcset=\"https:\/\/bajantessinobras.com\/wp-content\/uploads\/2020\/02\/PHOTO-2020-03-12-14-41-28-169x300.jpg 169w, https:\/\/bajantessinobras.com\/wp-content\/uploads\/2020\/02\/PHOTO-2020-03-12-14-41-28.jpg 360w\" sizes=\"auto, (max-width: 169px) 100vw, 169px\" \/><\/p>\n<p>Calle Brive, n. 11 Toledo<\/p>\n<p><img loading=\"lazy\" decoding=\"async\" class=\"alignnone size-medium wp-image-4525\" src=\"\/wp-content\/uploads\/2020\/02\/PHOTO-2020-03-13-16-12-55-250x300.jpg\" alt=\"\" width=\"250\" height=\"300\" srcset=\"https:\/\/bajantessinobras.com\/wp-content\/uploads\/2020\/02\/PHOTO-2020-03-13-16-12-55-250x300.jpg 250w, https:\/\/bajantessinobras.com\/wp-content\/uploads\/2020\/02\/PHOTO-2020-03-13-16-12-55.jpg 537w\" sizes=\"auto, (max-width: 250px) 100vw, 250px\" \/><\/p>\n<p>Calle Bajada de Barco, n. 26 TOLEDO<\/p>\n<p><img loading=\"lazy\" decoding=\"async\" class=\"alignnone size-medium wp-image-4526\" src=\"\/wp-content\/uploads\/2020\/02\/PHOTO-2020-03-13-16-13-16-300x197.jpg\" alt=\"\" width=\"300\" height=\"197\" srcset=\"https:\/\/bajantessinobras.com\/wp-content\/uploads\/2020\/02\/PHOTO-2020-03-13-16-13-16-300x197.jpg 300w, https:\/\/bajantessinobras.com\/wp-content\/uploads\/2020\/02\/PHOTO-2020-03-13-16-13-16-768x505.jpg 768w, https:\/\/bajantessinobras.com\/wp-content\/uploads\/2020\/02\/PHOTO-2020-03-13-16-13-16.jpg 951w\" sizes=\"auto, (max-width: 300px) 100vw, 300px\" \/><\/p>\n<p>Calle Quevedo, n.\u00a0 15 Zaragoza<\/p>\n<p><img loading=\"lazy\" decoding=\"async\" class=\"alignnone size-medium wp-image-4527\" src=\"\/wp-content\/uploads\/2020\/02\/PHOTO-2020-03-13-17-06-39-225x300.jpg\" alt=\"\" width=\"225\" height=\"300\" srcset=\"https:\/\/bajantessinobras.com\/wp-content\/uploads\/2020\/02\/PHOTO-2020-03-13-17-06-39-225x300.jpg 225w, https:\/\/bajantessinobras.com\/wp-content\/uploads\/2020\/02\/PHOTO-2020-03-13-17-06-39-768x1025.jpg 768w, https:\/\/bajantessinobras.com\/wp-content\/uploads\/2020\/02\/PHOTO-2020-03-13-17-06-39-767x1024.jpg 767w, https:\/\/bajantessinobras.com\/wp-content\/uploads\/2020\/02\/PHOTO-2020-03-13-17-06-39.jpg 1199w\" sizes=\"auto, (max-width: 225px) 100vw, 225px\" \/><\/p>\n<p>Calle Logro\u00f1o, 8-9 Salou (Tarragona<\/p>\n<h2 class=\"hP\"><img loading=\"lazy\" decoding=\"async\" class=\"alignnone size-medium wp-image-4494\" src=\"\/wp-content\/uploads\/2020\/01\/PHOTO-2020-02-04-18-40-07-300x225.jpg\" alt=\"\" width=\"300\" height=\"225\" srcset=\"https:\/\/bajantessinobras.com\/wp-content\/uploads\/2020\/01\/PHOTO-2020-02-04-18-40-07-300x225.jpg 300w, https:\/\/bajantessinobras.com\/wp-content\/uploads\/2020\/01\/PHOTO-2020-02-04-18-40-07-768x576.jpg 768w, https:\/\/bajantessinobras.com\/wp-content\/uploads\/2020\/01\/PHOTO-2020-02-04-18-40-07.jpg 1024w\" sizes=\"auto, (max-width: 300px) 100vw, 300px\" \/><\/h2>\n<p>Torre del este Santa Pola, Alicante<\/p>\n<p><img loading=\"lazy\" decoding=\"async\" class=\"alignnone size-medium wp-image-4493\" src=\"\/wp-content\/uploads\/2020\/01\/PHOTO-2020-02-05-13-59-40-300x169.jpg\" alt=\"\" width=\"300\" height=\"169\" srcset=\"https:\/\/bajantessinobras.com\/wp-content\/uploads\/2020\/01\/PHOTO-2020-02-05-13-59-40-300x169.jpg 300w, https:\/\/bajantessinobras.com\/wp-content\/uploads\/2020\/01\/PHOTO-2020-02-05-13-59-40-768x432.jpg 768w, https:\/\/bajantessinobras.com\/wp-content\/uploads\/2020\/01\/PHOTO-2020-02-05-13-59-40-1024x576.jpg 1024w, https:\/\/bajantessinobras.com\/wp-content\/uploads\/2020\/01\/PHOTO-2020-02-05-13-59-40.jpg 1600w\" sizes=\"auto, (max-width: 300px) 100vw, 300px\" \/><\/p>\n<p>Calle Santiago 2<\/p>\n<p><img loading=\"lazy\" decoding=\"async\" class=\"alignnone size-medium wp-image-4499\" src=\"\/wp-content\/uploads\/2020\/01\/PHOTO-2020-01-31-16-20-15-169x300.jpg\" alt=\"\" width=\"169\" height=\"300\" srcset=\"https:\/\/bajantessinobras.com\/wp-content\/uploads\/2020\/01\/PHOTO-2020-01-31-16-20-15-169x300.jpg 169w, https:\/\/bajantessinobras.com\/wp-content\/uploads\/2020\/01\/PHOTO-2020-01-31-16-20-15-768x1365.jpg 768w, https:\/\/bajantessinobras.com\/wp-content\/uploads\/2020\/01\/PHOTO-2020-01-31-16-20-15-576x1024.jpg 576w, https:\/\/bajantessinobras.com\/wp-content\/uploads\/2020\/01\/PHOTO-2020-01-31-16-20-15.jpg 900w\" sizes=\"auto, (max-width: 169px) 100vw, 169px\" \/><br \/>\nCalle \u00c1ngel 4, Almer\u00eda<\/p>\n<p><img loading=\"lazy\" decoding=\"async\" class=\"alignnone size-medium wp-image-4500\" src=\"\/wp-content\/uploads\/2020\/01\/PHOTO-2020-01-31-16-21-14-225x300.jpg\" alt=\"\" width=\"225\" height=\"300\" srcset=\"https:\/\/bajantessinobras.com\/wp-content\/uploads\/2020\/01\/PHOTO-2020-01-31-16-21-14-225x300.jpg 225w, https:\/\/bajantessinobras.com\/wp-content\/uploads\/2020\/01\/PHOTO-2020-01-31-16-21-14-768x1024.jpg 768w, https:\/\/bajantessinobras.com\/wp-content\/uploads\/2020\/01\/PHOTO-2020-01-31-16-21-14.jpg 1200w\" sizes=\"auto, (max-width: 225px) 100vw, 225px\" \/><\/p>\n<p>Avd. Mediterr\u00e1neo 20 Roquetas, Almer\u00eda<\/p>\n<p><img loading=\"lazy\" decoding=\"async\" class=\"alignnone size-medium wp-image-4498\" src=\"\/wp-content\/uploads\/2020\/01\/PHOTO-2020-01-31-16-21-15-169x300.jpg\" alt=\"\" width=\"169\" height=\"300\" srcset=\"https:\/\/bajantessinobras.com\/wp-content\/uploads\/2020\/01\/PHOTO-2020-01-31-16-21-15-169x300.jpg 169w, https:\/\/bajantessinobras.com\/wp-content\/uploads\/2020\/01\/PHOTO-2020-01-31-16-21-15-768x1365.jpg 768w, https:\/\/bajantessinobras.com\/wp-content\/uploads\/2020\/01\/PHOTO-2020-01-31-16-21-15-576x1024.jpg 576w, https:\/\/bajantessinobras.com\/wp-content\/uploads\/2020\/01\/PHOTO-2020-01-31-16-21-15.jpg 900w\" sizes=\"auto, (max-width: 169px) 100vw, 169px\" \/><br \/>\nCalle Minas de Gador 7 Almer\u00eda<\/p>\n<p><img loading=\"lazy\" decoding=\"async\" class=\"alignnone size-medium wp-image-4495\" src=\"\/wp-content\/uploads\/2020\/01\/PHOTO-2020-01-31-16-21-16-2-169x300.jpg\" alt=\"\" width=\"169\" height=\"300\" srcset=\"https:\/\/bajantessinobras.com\/wp-content\/uploads\/2020\/01\/PHOTO-2020-01-31-16-21-16-2-169x300.jpg 169w, https:\/\/bajantessinobras.com\/wp-content\/uploads\/2020\/01\/PHOTO-2020-01-31-16-21-16-2-768x1365.jpg 768w, https:\/\/bajantessinobras.com\/wp-content\/uploads\/2020\/01\/PHOTO-2020-01-31-16-21-16-2-576x1024.jpg 576w, https:\/\/bajantessinobras.com\/wp-content\/uploads\/2020\/01\/PHOTO-2020-01-31-16-21-16-2.jpg 900w\" sizes=\"auto, (max-width: 169px) 100vw, 169px\" \/><\/p>\n<p>Calle de los curas\u00a0 62 Torrej\u00f3n de Ardoz,\u00a0 Madrid<\/p>\n<p><img loading=\"lazy\" decoding=\"async\" class=\"alignnone size-medium wp-image-4490\" src=\"\/wp-content\/uploads\/2020\/01\/PHOTO-2020-01-13-14-55-11-225x300.jpg\" alt=\"\" width=\"225\" height=\"300\" srcset=\"https:\/\/bajantessinobras.com\/wp-content\/uploads\/2020\/01\/PHOTO-2020-01-13-14-55-11-225x300.jpg 225w, https:\/\/bajantessinobras.com\/wp-content\/uploads\/2020\/01\/PHOTO-2020-01-13-14-55-11-768x1024.jpg 768w, https:\/\/bajantessinobras.com\/wp-content\/uploads\/2020\/01\/PHOTO-2020-01-13-14-55-11.jpg 1200w\" sizes=\"auto, (max-width: 225px) 100vw, 225px\" \/><\/p>\n<p>Calle San Ambrosio\u00a0 N\u00ba 6, Madrid<\/p>\n<p><img loading=\"lazy\" decoding=\"async\" class=\"alignnone size-medium wp-image-4488\" src=\"\/wp-content\/uploads\/2020\/01\/PHOTO-2020-01-13-14-57-13-150x300.jpg\" alt=\"\" width=\"150\" height=\"300\" srcset=\"https:\/\/bajantessinobras.com\/wp-content\/uploads\/2020\/01\/PHOTO-2020-01-13-14-57-13-150x300.jpg 150w, https:\/\/bajantessinobras.com\/wp-content\/uploads\/2020\/01\/PHOTO-2020-01-13-14-57-13-768x1536.jpg 768w, https:\/\/bajantessinobras.com\/wp-content\/uploads\/2020\/01\/PHOTO-2020-01-13-14-57-13-512x1024.jpg 512w, https:\/\/bajantessinobras.com\/wp-content\/uploads\/2020\/01\/PHOTO-2020-01-13-14-57-13.jpg 800w\" sizes=\"auto, (max-width: 150px) 100vw, 150px\" \/><\/p>\n<p>Plaza Maestro Vives N\u00ba 8, Alcobendas<\/p>\n<p><img loading=\"lazy\" decoding=\"async\" class=\"alignnone size-medium wp-image-4489\" src=\"\/wp-content\/uploads\/2020\/01\/PHOTO-2020-01-13-14-58-30-169x300.jpg\" alt=\"\" width=\"169\" height=\"300\" srcset=\"https:\/\/bajantessinobras.com\/wp-content\/uploads\/2020\/01\/PHOTO-2020-01-13-14-58-30-169x300.jpg 169w, https:\/\/bajantessinobras.com\/wp-content\/uploads\/2020\/01\/PHOTO-2020-01-13-14-58-30-768x1365.jpg 768w, https:\/\/bajantessinobras.com\/wp-content\/uploads\/2020\/01\/PHOTO-2020-01-13-14-58-30-576x1024.jpg 576w, https:\/\/bajantessinobras.com\/wp-content\/uploads\/2020\/01\/PHOTO-2020-01-13-14-58-30.jpg 810w\" sizes=\"auto, (max-width: 169px) 100vw, 169px\" \/><\/p>\n<p>Calle R\u00edo Mi\u00f1o N\u00ba 6 San Sebasti\u00e1n de los\u00a0 Reyes<\/p>\n<p><img loading=\"lazy\" decoding=\"async\" class=\"alignnone size-medium wp-image-4487\" src=\"\/wp-content\/uploads\/2020\/01\/PHOTO-2020-01-13-14-59-37-169x300.jpg\" alt=\"\" width=\"169\" height=\"300\" srcset=\"https:\/\/bajantessinobras.com\/wp-content\/uploads\/2020\/01\/PHOTO-2020-01-13-14-59-37-169x300.jpg 169w, https:\/\/bajantessinobras.com\/wp-content\/uploads\/2020\/01\/PHOTO-2020-01-13-14-59-37-768x1365.jpg 768w, https:\/\/bajantessinobras.com\/wp-content\/uploads\/2020\/01\/PHOTO-2020-01-13-14-59-37-576x1024.jpg 576w, https:\/\/bajantessinobras.com\/wp-content\/uploads\/2020\/01\/PHOTO-2020-01-13-14-59-37.jpg 810w\" sizes=\"auto, (max-width: 169px) 100vw, 169px\" \/><\/p>\n<p>Calle Birraiz N\u00ba 5<\/p>\n<p><img loading=\"lazy\" decoding=\"async\" class=\"alignnone size-medium wp-image-4486\" src=\"\/wp-content\/uploads\/2020\/01\/PHOTO-2020-01-13-18-00-45-169x300.jpg\" alt=\"\" width=\"169\" height=\"300\" srcset=\"https:\/\/bajantessinobras.com\/wp-content\/uploads\/2020\/01\/PHOTO-2020-01-13-18-00-45-169x300.jpg 169w, https:\/\/bajantessinobras.com\/wp-content\/uploads\/2020\/01\/PHOTO-2020-01-13-18-00-45-768x1365.jpg 768w, https:\/\/bajantessinobras.com\/wp-content\/uploads\/2020\/01\/PHOTO-2020-01-13-18-00-45-576x1024.jpg 576w, https:\/\/bajantessinobras.com\/wp-content\/uploads\/2020\/01\/PHOTO-2020-01-13-18-00-45.jpg 810w\" sizes=\"auto, (max-width: 169px) 100vw, 169px\" \/><\/p>\n<p>Calle San Telesforo 6<\/p>\n<p><img loading=\"lazy\" decoding=\"async\" class=\"alignnone size-medium wp-image-4485\" src=\"\/wp-content\/uploads\/2020\/01\/PHOTO-2020-01-14-10-00-32-169x300.jpg\" alt=\"\" width=\"169\" height=\"300\" srcset=\"https:\/\/bajantessinobras.com\/wp-content\/uploads\/2020\/01\/PHOTO-2020-01-14-10-00-32-169x300.jpg 169w, https:\/\/bajantessinobras.com\/wp-content\/uploads\/2020\/01\/PHOTO-2020-01-14-10-00-32-768x1365.jpg 768w, https:\/\/bajantessinobras.com\/wp-content\/uploads\/2020\/01\/PHOTO-2020-01-14-10-00-32-576x1024.jpg 576w, https:\/\/bajantessinobras.com\/wp-content\/uploads\/2020\/01\/PHOTO-2020-01-14-10-00-32.jpg 810w\" sizes=\"auto, (max-width: 169px) 100vw, 169px\" \/><\/p>\n<p>Almer\u00eda:<\/p>\n<p>Avda. Montserrat, 2<br \/>\nCalle Campogris, 17<br \/>\nCarretera\u00a0 Nijar 48 el Alquian<br \/>\nPlaza san Sebasti\u00e1n 2<br \/>\nAvda. Estaci\u00f3n, 7<br \/>\nCalle Altamira 5 &#8211; 9<br \/>\nPlaza Hnos Pinz\u00f3n, 5<br \/>\nCalle Juan Valverde Dom\u00ednguez,14<br \/>\nCalle Calzada de castro,58<\/p>\n<p><img loading=\"lazy\" decoding=\"async\" class=\"alignnone size-medium wp-image-4477\" src=\"\/wp-content\/uploads\/2020\/01\/PHOTO-2020-01-12-21-54-20-169x300.jpg\" alt=\"\" width=\"169\" height=\"300\" srcset=\"https:\/\/bajantessinobras.com\/wp-content\/uploads\/2020\/01\/PHOTO-2020-01-12-21-54-20-169x300.jpg 169w, https:\/\/bajantessinobras.com\/wp-content\/uploads\/2020\/01\/PHOTO-2020-01-12-21-54-20-768x1365.jpg 768w, https:\/\/bajantessinobras.com\/wp-content\/uploads\/2020\/01\/PHOTO-2020-01-12-21-54-20-576x1024.jpg 576w, https:\/\/bajantessinobras.com\/wp-content\/uploads\/2020\/01\/PHOTO-2020-01-12-21-54-20.jpg 900w\" sizes=\"auto, (max-width: 169px) 100vw, 169px\" \/> <img loading=\"lazy\" decoding=\"async\" class=\"alignnone size-medium wp-image-4478\" src=\"\/wp-content\/uploads\/2020\/01\/PHOTO-2020-01-12-21-54-21-169x300.jpg\" alt=\"\" width=\"169\" height=\"300\" srcset=\"https:\/\/bajantessinobras.com\/wp-content\/uploads\/2020\/01\/PHOTO-2020-01-12-21-54-21-169x300.jpg 169w, https:\/\/bajantessinobras.com\/wp-content\/uploads\/2020\/01\/PHOTO-2020-01-12-21-54-21-768x1365.jpg 768w, https:\/\/bajantessinobras.com\/wp-content\/uploads\/2020\/01\/PHOTO-2020-01-12-21-54-21-576x1024.jpg 576w, https:\/\/bajantessinobras.com\/wp-content\/uploads\/2020\/01\/PHOTO-2020-01-12-21-54-21.jpg 900w\" sizes=\"auto, (max-width: 169px) 100vw, 169px\" \/> <img loading=\"lazy\" decoding=\"async\" class=\"alignnone size-medium wp-image-4479\" src=\"\/wp-content\/uploads\/2020\/01\/PHOTO-2020-01-12-21-54-22-169x300.jpg\" alt=\"\" width=\"169\" height=\"300\" srcset=\"https:\/\/bajantessinobras.com\/wp-content\/uploads\/2020\/01\/PHOTO-2020-01-12-21-54-22-169x300.jpg 169w, https:\/\/bajantessinobras.com\/wp-content\/uploads\/2020\/01\/PHOTO-2020-01-12-21-54-22-768x1365.jpg 768w, https:\/\/bajantessinobras.com\/wp-content\/uploads\/2020\/01\/PHOTO-2020-01-12-21-54-22-576x1024.jpg 576w, https:\/\/bajantessinobras.com\/wp-content\/uploads\/2020\/01\/PHOTO-2020-01-12-21-54-22.jpg 900w\" sizes=\"auto, (max-width: 169px) 100vw, 169px\" \/> <img loading=\"lazy\" decoding=\"async\" class=\"alignnone size-medium wp-image-4480\" src=\"\/wp-content\/uploads\/2020\/01\/PHOTO-2020-01-12-21-54-27-225x300.jpg\" alt=\"\" width=\"225\" height=\"300\" srcset=\"https:\/\/bajantessinobras.com\/wp-content\/uploads\/2020\/01\/PHOTO-2020-01-12-21-54-27-225x300.jpg 225w, https:\/\/bajantessinobras.com\/wp-content\/uploads\/2020\/01\/PHOTO-2020-01-12-21-54-27-768x1024.jpg 768w, https:\/\/bajantessinobras.com\/wp-content\/uploads\/2020\/01\/PHOTO-2020-01-12-21-54-27.jpg 1200w\" sizes=\"auto, (max-width: 225px) 100vw, 225px\" \/> <img loading=\"lazy\" decoding=\"async\" class=\"alignnone size-medium wp-image-4481\" src=\"\/wp-content\/uploads\/2020\/01\/PHOTO-2020-01-12-22-02-37-169x300.jpg\" alt=\"\" width=\"169\" height=\"300\" srcset=\"https:\/\/bajantessinobras.com\/wp-content\/uploads\/2020\/01\/PHOTO-2020-01-12-22-02-37-169x300.jpg 169w, https:\/\/bajantessinobras.com\/wp-content\/uploads\/2020\/01\/PHOTO-2020-01-12-22-02-37-768x1365.jpg 768w, https:\/\/bajantessinobras.com\/wp-content\/uploads\/2020\/01\/PHOTO-2020-01-12-22-02-37-576x1024.jpg 576w, https:\/\/bajantessinobras.com\/wp-content\/uploads\/2020\/01\/PHOTO-2020-01-12-22-02-37.jpg 900w\" sizes=\"auto, (max-width: 169px) 100vw, 169px\" \/> <img loading=\"lazy\" decoding=\"async\" class=\"alignnone size-medium wp-image-4482\" src=\"\/wp-content\/uploads\/2020\/01\/PHOTO-2020-01-12-22-02-38-169x300.jpg\" alt=\"\" width=\"169\" height=\"300\" srcset=\"https:\/\/bajantessinobras.com\/wp-content\/uploads\/2020\/01\/PHOTO-2020-01-12-22-02-38-169x300.jpg 169w, https:\/\/bajantessinobras.com\/wp-content\/uploads\/2020\/01\/PHOTO-2020-01-12-22-02-38-768x1365.jpg 768w, https:\/\/bajantessinobras.com\/wp-content\/uploads\/2020\/01\/PHOTO-2020-01-12-22-02-38-576x1024.jpg 576w, https:\/\/bajantessinobras.com\/wp-content\/uploads\/2020\/01\/PHOTO-2020-01-12-22-02-38.jpg 900w\" sizes=\"auto, (max-width: 169px) 100vw, 169px\" \/> <img loading=\"lazy\" decoding=\"async\" class=\"alignnone size-medium wp-image-4483\" src=\"\/wp-content\/uploads\/2020\/01\/PHOTO-2020-01-12-21-54-28-225x300.jpg\" alt=\"\" width=\"225\" height=\"300\" srcset=\"https:\/\/bajantessinobras.com\/wp-content\/uploads\/2020\/01\/PHOTO-2020-01-12-21-54-28-225x300.jpg 225w, https:\/\/bajantessinobras.com\/wp-content\/uploads\/2020\/01\/PHOTO-2020-01-12-21-54-28-768x1024.jpg 768w, https:\/\/bajantessinobras.com\/wp-content\/uploads\/2020\/01\/PHOTO-2020-01-12-21-54-28.jpg 1200w\" sizes=\"auto, (max-width: 225px) 100vw, 225px\" \/><\/p>\n<p>Calle Men\u00e9ndez P\u00eddala,1 Zaragoza<\/p>\n<p><img loading=\"lazy\" decoding=\"async\" class=\"alignnone size-medium wp-image-4470\" src=\"\/wp-content\/uploads\/2020\/01\/PHOTO-2020-01-02-16-49-44-169x300.jpg\" alt=\"\" width=\"169\" height=\"300\" srcset=\"https:\/\/bajantessinobras.com\/wp-content\/uploads\/2020\/01\/PHOTO-2020-01-02-16-49-44-169x300.jpg 169w, https:\/\/bajantessinobras.com\/wp-content\/uploads\/2020\/01\/PHOTO-2020-01-02-16-49-44-576x1024.jpg 576w, https:\/\/bajantessinobras.com\/wp-content\/uploads\/2020\/01\/PHOTO-2020-01-02-16-49-44.jpg 720w\" sizes=\"auto, (max-width: 169px) 100vw, 169px\" \/><\/p>\n<p>V\u00eda Universitas, 19 Zaragoza<\/p>\n<p><img loading=\"lazy\" decoding=\"async\" class=\"alignnone size-medium wp-image-4469\" src=\"\/wp-content\/uploads\/2020\/01\/PHOTO-2020-01-07-09-08-53-146x300.jpg\" alt=\"\" width=\"146\" height=\"300\" srcset=\"https:\/\/bajantessinobras.com\/wp-content\/uploads\/2020\/01\/PHOTO-2020-01-07-09-08-53-146x300.jpg 146w, https:\/\/bajantessinobras.com\/wp-content\/uploads\/2020\/01\/PHOTO-2020-01-07-09-08-53-768x1580.jpg 768w, https:\/\/bajantessinobras.com\/wp-content\/uploads\/2020\/01\/PHOTO-2020-01-07-09-08-53-498x1024.jpg 498w, https:\/\/bajantessinobras.com\/wp-content\/uploads\/2020\/01\/PHOTO-2020-01-07-09-08-53.jpg 980w\" sizes=\"auto, (max-width: 146px) 100vw, 146px\" \/><\/p>\n<p>Calle del Pradron, 7\u00a0 Villar Del Prado, Madrid<\/p>\n<p><img loading=\"lazy\" decoding=\"async\" class=\"alignnone size-medium wp-image-4473\" src=\"\/wp-content\/uploads\/2020\/01\/PHOTO-2020-01-08-16-12-20-169x300.jpg\" alt=\"\" width=\"169\" height=\"300\" srcset=\"https:\/\/bajantessinobras.com\/wp-content\/uploads\/2020\/01\/PHOTO-2020-01-08-16-12-20-169x300.jpg 169w, https:\/\/bajantessinobras.com\/wp-content\/uploads\/2020\/01\/PHOTO-2020-01-08-16-12-20-768x1365.jpg 768w, https:\/\/bajantessinobras.com\/wp-content\/uploads\/2020\/01\/PHOTO-2020-01-08-16-12-20-576x1024.jpg 576w, https:\/\/bajantessinobras.com\/wp-content\/uploads\/2020\/01\/PHOTO-2020-01-08-16-12-20.jpg 810w\" sizes=\"auto, (max-width: 169px) 100vw, 169px\" \/><br \/>\nCalle Ibiza, 72 Madrid<\/p>\n<p><img loading=\"lazy\" decoding=\"async\" class=\"alignnone size-medium wp-image-4472\" src=\"\/wp-content\/uploads\/2020\/01\/PHOTO-2020-01-09-09-41-14-225x300.jpg\" alt=\"\" width=\"225\" height=\"300\" srcset=\"https:\/\/bajantessinobras.com\/wp-content\/uploads\/2020\/01\/PHOTO-2020-01-09-09-41-14-225x300.jpg 225w, https:\/\/bajantessinobras.com\/wp-content\/uploads\/2020\/01\/PHOTO-2020-01-09-09-41-14-768x1024.jpg 768w, https:\/\/bajantessinobras.com\/wp-content\/uploads\/2020\/01\/PHOTO-2020-01-09-09-41-14.jpg 1200w\" sizes=\"auto, (max-width: 225px) 100vw, 225px\" \/><\/p>\n<p>Calle Motilla Del Palancar, 27\u00a0 \u00a0Madrid<\/p>\n<p><img loading=\"lazy\" decoding=\"async\" class=\"alignnone size-medium wp-image-4471\" src=\"\/wp-content\/uploads\/2020\/01\/PHOTO-2020-01-09-16-35-37-169x300.jpg\" alt=\"\" width=\"169\" height=\"300\" srcset=\"https:\/\/bajantessinobras.com\/wp-content\/uploads\/2020\/01\/PHOTO-2020-01-09-16-35-37-169x300.jpg 169w, https:\/\/bajantessinobras.com\/wp-content\/uploads\/2020\/01\/PHOTO-2020-01-09-16-35-37-768x1365.jpg 768w, https:\/\/bajantessinobras.com\/wp-content\/uploads\/2020\/01\/PHOTO-2020-01-09-16-35-37-576x1024.jpg 576w, https:\/\/bajantessinobras.com\/wp-content\/uploads\/2020\/01\/PHOTO-2020-01-09-16-35-37.jpg 810w\" sizes=\"auto, (max-width: 169px) 100vw, 169px\" \/><\/p>\n","protected":false},"excerpt":{"rendered":"<p>TRABAJOS REALIZADOS\u00a0 2.020 Paseo los Casta\u00f1os 2 cp aguadulce (Almer\u00eda) Carrera del Per\u00fa, n. 70 (Almer\u00eda) Calle Buenavista, n. 60 Cabo de Gata. Plaza Doctor N\u00fa\u00f1ez, n. 5 (Almer\u00eda) Avda. Alexander Rosello\u00a0 (Palma Mallorca) Calle Roger deTur, n. 11 (Zaragoza) \u00a0\u00a0 Duquesa Villahermosa n. 21 (Zaragoza) Calle Pedro Aleixandre, n. 45 (Valencia) C.P. los Cipreses &hellip; <\/p>\n<p class=\"link-more\"><a href=\"https:\/\/bajantessinobras.com\/?p=4468\" class=\"more-link\">Continuar leyendo<span class=\"screen-reader-text\"> \u00abTRABAJOS REALIZADOS  2020\u00bb<\/span><\/a><\/p>\n","protected":false},"author":2,"featured_media":0,"comment_status":"closed","ping_status":"closed","sticky":false,"template":"","format":"standard","meta":{"footnotes":""},"categories":[71],"tags":[],"class_list":["post-4468","post","type-post","status-publish","format-standard","hentry","category-interesantes"],"_links":{"self":[{"href":"https:\/\/bajantessinobras.com\/index.php?rest_route=\/wp\/v2\/posts\/4468","targetHints":{"allow":["GET"]}}],"collection":[{"href":"https:\/\/bajantessinobras.com\/index.php?rest_route=\/wp\/v2\/posts"}],"about":[{"href":"https:\/\/bajantessinobras.com\/index.php?rest_route=\/wp\/v2\/types\/post"}],"author":[{"embeddable":true,"href":"https:\/\/bajantessinobras.com\/index.php?rest_route=\/wp\/v2\/users\/2"}],"replies":[{"embeddable":true,"href":"https:\/\/bajantessinobras.com\/index.php?rest_route=%2Fwp%2Fv2%2Fcomments&post=4468"}],"version-history":[{"count":7,"href":"https:\/\/bajantessinobras.com\/index.php?rest_route=\/wp\/v2\/posts\/4468\/revisions"}],"predecessor-version":[{"id":4547,"href":"https:\/\/bajantessinobras.com\/index.php?rest_route=\/wp\/v2\/posts\/4468\/revisions\/4547"}],"wp:attachment":[{"href":"https:\/\/bajantessinobras.com\/index.php?rest_route=%2Fwp%2Fv2%2Fmedia&parent=4468"}],"wp:term":[{"taxonomy":"category","embeddable":true,"href":"https:\/\/bajantessinobras.com\/index.php?rest_route=%2Fwp%2Fv2%2Fcategories&post=4468"},{"taxonomy":"post_tag","embeddable":true,"href":"https:\/\/bajantessinobras.com\/index.php?rest_route=%2Fwp%2Fv2%2Ftags&post=4468"}],"curies":[{"name":"wp","href":"https:\/\/api.w.org\/{rel}","templated":true}]}}