{"id":4631,"date":"2021-07-26T16:56:07","date_gmt":"2021-07-26T16:56:07","guid":{"rendered":"http:\/\/bajantessinobras.com\/?p=4631"},"modified":"2021-07-26T16:56:07","modified_gmt":"2021-07-26T16:56:07","slug":"nuevo-sistema-de-tratamiento-de-residuos-con-sello-aragones","status":"publish","type":"post","link":"https:\/\/bajantessinobras.com\/?p=4631","title":{"rendered":"Nuevo sistema de tratamiento de residuos con sello aragon\u00e9s."},"content":{"rendered":"<h1 class=\"no-border \"><span class=\"container\">NOTICIAS DE CEOE ARAG\u00d3N<\/span><\/h1>\n<div class=\"container\">\n<nav class=\"breadcrumbs\">\n<ul class=\"list-unstyled list-inline\">\n<li>\/ Nuevo sistema de tratamiento de residuos con sello aragon\u00e9s<\/li>\n<\/ul>\n<\/nav>\n<div class=\"row\">\n<div class=\"col-sm-8 col-md-9 \">\n<article>\n<header>\n<div class=\"row\">\n<div class=\"col-sm-4 col-md-6\"><img decoding=\"async\" class=\"img-responsive\" src=\"https:\/\/ceoearagon.es\/files\/images\/thumbnails\/blog_view_0\/files\/images\/thumbnail_1625827089521-0L6r9yFt.jpg\" alt=\"\" \/><\/div>\n<div class=\"col-sm-8 col-md-6\">\n<h1>Nuevo sistema de tratamiento de residuos con sello aragon\u00e9s<\/h1>\n<ul class=\"list-unstyled\">\n<li>\n<div class=\"date\">09\/07\/2021<\/div>\n<\/li>\n<li>\n<div class=\"categories\">Sin categor\u00edas asociadas<\/div>\n<\/li>\n<\/ul>\n<\/div>\n<\/div>\n<\/header>\n<div class=\"body\">\n<p>El Presidente de CEOE Arag\u00f3n, Ricardo Mur, y el Comisionado del Gobierno de Arag\u00f3n para la Lucha contra la Despoblaci\u00f3n, Javier Allu\u00e9, han conocido hoy un sistema para evitar que lleguen a las redes de saneamiento residuos no solubles de hogares y empresas. Se trata de un nuevo concepto de arqueta con control y tratamiento autom\u00e1tico de s\u00f3lidos planteada por <strong>la empresa aragonesa Damos Soluciones Qu\u00edmicas.<\/strong><\/p>\n<p>El proyecto para desarrollar estas arquetas es uno de los 142 trasladados por CEOE Arag\u00f3n al Ejecutivo auton\u00f3mico al haber mostrado su inter\u00e9s por optar a las convocatorias que canalizar\u00e1n hacia las empresas en nuestro pa\u00eds los fondos del Plan de Recuperaci\u00f3n Europeo.<\/p>\n<p>Allu\u00e9 y Mur han podido comprobar el funcionamiento de este sistema en una instalaci\u00f3n realizada en un establecimiento hostelero en Zaragoza. Arquetas de este tipo, con diferentes dimensiones y prestaciones, se han instalado ya tambi\u00e9n en algunos municipios de la provincia.<\/p>\n<p>De hecho, peque\u00f1as localidades sin depuradora, comunidades de vecinos y empresas son los destinatarios de este sistema que, seg\u00fan explican sus promotores, proporcionar\u00eda \u201cmedios sencillos y eficientes para el tratamiento y gesti\u00f3n de residuos urbanos, industriales y agr\u00edcolas, reteniendo y extrayendo los residuos s\u00f3lidos de forma pr\u00f3xima a su producci\u00f3n y evitando que lleguen a las redes de saneamiento y, posteriormente, depuradoras y medio ambiente\u201d.<\/p>\n<p>Entre estos residuos estar\u00edan, por ejemplo, las toallitas y otros residuos de papel y pl\u00e1stico desechados en los inodoros, as\u00ed como pl\u00e1sticos y papeles arrojados a los desag\u00fces.<\/p>\n<p>Este proyecto empresarial se encuadrar\u00eda en la l\u00ednea de Pacto Verde, marcada como prioritaria por la Uni\u00f3n Europea en el plan re recuperaci\u00f3n, junto a digitalizaci\u00f3n, reindustrializaci\u00f3n y formaci\u00f3n. Es la l\u00ednea que m\u00e1s inter\u00e9s de proyectos empresariales ha generado en Arag\u00f3n (el 55% de los recopilados por CEOE), correspondiendo a las siguientes \u00e1reas el 25%, 12% y 8%, respectivamente.<\/p>\n<p>ceoearagon.es\/noticias\/nuevo-sistema-de-tratamiento-de-residuos-con-sello-aragones\/<\/p>\n<p>&nbsp;<\/p>\n<\/div>\n<\/article>\n<\/div>\n<\/div>\n<\/div>\n","protected":false},"excerpt":{"rendered":"<p>NOTICIAS DE CEOE ARAG\u00d3N \/ Nuevo sistema de tratamiento de residuos con sello aragon\u00e9s Nuevo sistema de tratamiento de residuos con sello aragon\u00e9s 09\/07\/2021 Sin categor\u00edas asociadas El Presidente de CEOE Arag\u00f3n, Ricardo Mur, y el Comisionado del Gobierno de Arag\u00f3n para la Lucha contra la Despoblaci\u00f3n, Javier Allu\u00e9, han conocido hoy un sistema para &hellip; <\/p>\n<p class=\"link-more\"><a href=\"https:\/\/bajantessinobras.com\/?p=4631\" class=\"more-link\">Continuar leyendo<span class=\"screen-reader-text\"> \u00abNuevo sistema de tratamiento de residuos con sello aragon\u00e9s.\u00bb<\/span><\/a><\/p>\n","protected":false},"author":2,"featured_media":0,"comment_status":"closed","ping_status":"closed","sticky":false,"template":"","format":"standard","meta":{"footnotes":""},"categories":[1],"tags":[],"class_list":["post-4631","post","type-post","status-publish","format-standard","hentry","category-sin-categoria"],"_links":{"self":[{"href":"https:\/\/bajantessinobras.com\/index.php?rest_route=\/wp\/v2\/posts\/4631","targetHints":{"allow":["GET"]}}],"collection":[{"href":"https:\/\/bajantessinobras.com\/index.php?rest_route=\/wp\/v2\/posts"}],"about":[{"href":"https:\/\/bajantessinobras.com\/index.php?rest_route=\/wp\/v2\/types\/post"}],"author":[{"embeddable":true,"href":"https:\/\/bajantessinobras.com\/index.php?rest_route=\/wp\/v2\/users\/2"}],"replies":[{"embeddable":true,"href":"https:\/\/bajantessinobras.com\/index.php?rest_route=%2Fwp%2Fv2%2Fcomments&post=4631"}],"version-history":[{"count":1,"href":"https:\/\/bajantessinobras.com\/index.php?rest_route=\/wp\/v2\/posts\/4631\/revisions"}],"predecessor-version":[{"id":4632,"href":"https:\/\/bajantessinobras.com\/index.php?rest_route=\/wp\/v2\/posts\/4631\/revisions\/4632"}],"wp:attachment":[{"href":"https:\/\/bajantessinobras.com\/index.php?rest_route=%2Fwp%2Fv2%2Fmedia&parent=4631"}],"wp:term":[{"taxonomy":"category","embeddable":true,"href":"https:\/\/bajantessinobras.com\/index.php?rest_route=%2Fwp%2Fv2%2Fcategories&post=4631"},{"taxonomy":"post_tag","embeddable":true,"href":"https:\/\/bajantessinobras.com\/index.php?rest_route=%2Fwp%2Fv2%2Ftags&post=4631"}],"curies":[{"name":"wp","href":"https:\/\/api.w.org\/{rel}","templated":true}]}}