{"id":4752,"date":"2023-05-03T10:58:36","date_gmt":"2023-05-03T10:58:36","guid":{"rendered":"http:\/\/bajantessinobras.com\/?p=4752"},"modified":"2023-10-24T17:28:38","modified_gmt":"2023-10-24T17:28:38","slug":"trabajos-realizados-2023","status":"publish","type":"post","link":"https:\/\/bajantessinobras.com\/?p=4752","title":{"rendered":"TRABAJOS REALIZADOS 2023"},"content":{"rendered":"<p>TRABAJOS REALIZADOS 2023<\/p>\n<p><img loading=\"lazy\" decoding=\"async\" class=\"alignnone size-medium wp-image-4757\" src=\"\/wp-content\/uploads\/2023\/05\/PHOTO-2023-05-03-11-04-26-300x225.jpg\" alt=\"\" width=\"300\" height=\"225\" srcset=\"https:\/\/bajantessinobras.com\/wp-content\/uploads\/2023\/05\/PHOTO-2023-05-03-11-04-26-300x225.jpg 300w, https:\/\/bajantessinobras.com\/wp-content\/uploads\/2023\/05\/PHOTO-2023-05-03-11-04-26.jpg 640w\" sizes=\"auto, (max-width: 300px) 100vw, 300px\" \/><\/p>\n<p>Edificio Marina Alcoc\u00e9ber (Castell\u00f3n)<\/p>\n<p><img loading=\"lazy\" decoding=\"async\" class=\"alignnone wp-image-4755\" src=\"\/wp-content\/uploads\/2023\/05\/MADRID-296x300.png\" alt=\"\" width=\"263\" height=\"267\" srcset=\"https:\/\/bajantessinobras.com\/wp-content\/uploads\/2023\/05\/MADRID-296x300.png 296w, https:\/\/bajantessinobras.com\/wp-content\/uploads\/2023\/05\/MADRID.png 410w\" sizes=\"auto, (max-width: 263px) 100vw, 263px\" \/><\/p>\n<p>Plaza el Sol, 15 Alcorcon ( Madrid )<\/p>\n<p><img loading=\"lazy\" decoding=\"async\" class=\"alignnone size-medium wp-image-4758\" src=\"\/wp-content\/uploads\/2023\/05\/PHOTO-2023-03-28-14-50-59-300x225.jpg\" alt=\"\" width=\"300\" height=\"225\" srcset=\"https:\/\/bajantessinobras.com\/wp-content\/uploads\/2023\/05\/PHOTO-2023-03-28-14-50-59-300x225.jpg 300w, https:\/\/bajantessinobras.com\/wp-content\/uploads\/2023\/05\/PHOTO-2023-03-28-14-50-59.jpg 640w\" sizes=\"auto, (max-width: 300px) 100vw, 300px\" \/><\/p>\n<p>Apartamentos Tombatossals Benicassim ( Castell\u00f3n)<\/p>\n<p><img loading=\"lazy\" decoding=\"async\" class=\"alignnone size-medium wp-image-4759\" src=\"\/wp-content\/uploads\/2023\/05\/PHOTO-2023-02-15-09-15-17-225x300.jpg\" alt=\"\" width=\"225\" height=\"300\" srcset=\"https:\/\/bajantessinobras.com\/wp-content\/uploads\/2023\/05\/PHOTO-2023-02-15-09-15-17-225x300.jpg 225w, https:\/\/bajantessinobras.com\/wp-content\/uploads\/2023\/05\/PHOTO-2023-02-15-09-15-17.jpg 480w\" sizes=\"auto, (max-width: 225px) 100vw, 225px\" \/><\/p>\n<p>Apartamentos Don Quijote, Avda. Ferrandis Salvador, 150 Benicassim ( Castell\u00f3n )<\/p>\n<p><img loading=\"lazy\" decoding=\"async\" class=\"alignnone size-medium wp-image-4760\" src=\"\/wp-content\/uploads\/2023\/05\/PHOTO-2023-01-30-10-05-37-300x225.jpg\" alt=\"\" width=\"300\" height=\"225\" srcset=\"https:\/\/bajantessinobras.com\/wp-content\/uploads\/2023\/05\/PHOTO-2023-01-30-10-05-37-300x225.jpg 300w, https:\/\/bajantessinobras.com\/wp-content\/uploads\/2023\/05\/PHOTO-2023-01-30-10-05-37.jpg 640w\" sizes=\"auto, (max-width: 300px) 100vw, 300px\" \/><\/p>\n<p>Apartamentos Estoril Benicassim ( Castell\u00f3n)<\/p>\n<p><img loading=\"lazy\" decoding=\"async\" class=\"alignnone size-medium wp-image-4761\" src=\"\/wp-content\/uploads\/2023\/05\/PHOTO-2023-01-23-14-50-00-225x300.jpg\" alt=\"\" width=\"225\" height=\"300\" srcset=\"https:\/\/bajantessinobras.com\/wp-content\/uploads\/2023\/05\/PHOTO-2023-01-23-14-50-00-225x300.jpg 225w, https:\/\/bajantessinobras.com\/wp-content\/uploads\/2023\/05\/PHOTO-2023-01-23-14-50-00.jpg 480w\" sizes=\"auto, (max-width: 225px) 100vw, 225px\" \/><\/p>\n<p>Avda. General Marva, 17 Alicante<\/p>\n<ul>\n<li>Calle Alonso, n. 22 Madrid<\/li>\n<li>Calle Parvillas Bajas, n. 41 Madrid<\/li>\n<\/ul>\n<p><img loading=\"lazy\" decoding=\"async\" class=\"alignnone size-medium wp-image-4767\" src=\"\/wp-content\/uploads\/2023\/05\/PHOTO-2023-10-18-15-26-32-225x300.jpg\" alt=\"\" width=\"225\" height=\"300\" srcset=\"https:\/\/bajantessinobras.com\/wp-content\/uploads\/2023\/05\/PHOTO-2023-10-18-15-26-32-225x300.jpg 225w, https:\/\/bajantessinobras.com\/wp-content\/uploads\/2023\/05\/PHOTO-2023-10-18-15-26-32-768x1024.jpg 768w, https:\/\/bajantessinobras.com\/wp-content\/uploads\/2023\/05\/PHOTO-2023-10-18-15-26-32.jpg 1200w\" sizes=\"auto, (max-width: 225px) 100vw, 225px\" \/><\/p>\n<p>Avda. de la Armada Espa\u00f1ola n. 9\u00a0 \u00a0 \u00a0 \u00a0 \u00a0 \u00a0 \u00a0 \u00a0 \u00a0 \u00a0 \u00a0 \u00a0 \u00a0 \u00a0 \u00a0 Santa Pola (Alicante)<\/p>\n<p><img loading=\"lazy\" decoding=\"async\" class=\"alignnone size-medium wp-image-4768\" src=\"\/wp-content\/uploads\/2023\/05\/PHOTO-2023-09-21-13-55-39-225x300.jpg\" alt=\"\" width=\"225\" height=\"300\" srcset=\"https:\/\/bajantessinobras.com\/wp-content\/uploads\/2023\/05\/PHOTO-2023-09-21-13-55-39-225x300.jpg 225w, https:\/\/bajantessinobras.com\/wp-content\/uploads\/2023\/05\/PHOTO-2023-09-21-13-55-39-768x1024.jpg 768w, https:\/\/bajantessinobras.com\/wp-content\/uploads\/2023\/05\/PHOTO-2023-09-21-13-55-39.jpg 1500w\" sizes=\"auto, (max-width: 225px) 100vw, 225px\" \/><\/p>\n<p>Calle Pintor L\u00f3pez, n. 7 Valencia<\/p>\n<p><img loading=\"lazy\" decoding=\"async\" class=\"alignnone size-medium wp-image-4769\" src=\"\/wp-content\/uploads\/2023\/05\/PHOTO-2023-07-18-09-13-19-225x300.jpg\" alt=\"\" width=\"225\" height=\"300\" srcset=\"https:\/\/bajantessinobras.com\/wp-content\/uploads\/2023\/05\/PHOTO-2023-07-18-09-13-19-225x300.jpg 225w, https:\/\/bajantessinobras.com\/wp-content\/uploads\/2023\/05\/PHOTO-2023-07-18-09-13-19-768x1024.jpg 768w, https:\/\/bajantessinobras.com\/wp-content\/uploads\/2023\/05\/PHOTO-2023-07-18-09-13-19.jpg 1500w\" sizes=\"auto, (max-width: 225px) 100vw, 225px\" \/><\/p>\n<p>Avda. Rey Don Jaime, n. 29 Castell\u00f3n<\/p>\n<p><img loading=\"lazy\" decoding=\"async\" class=\"alignnone size-medium wp-image-4770\" src=\"\/wp-content\/uploads\/2023\/05\/PHOTO-2023-07-10-10-54-19-225x300.jpg\" alt=\"\" width=\"225\" height=\"300\" srcset=\"https:\/\/bajantessinobras.com\/wp-content\/uploads\/2023\/05\/PHOTO-2023-07-10-10-54-19-225x300.jpg 225w, https:\/\/bajantessinobras.com\/wp-content\/uploads\/2023\/05\/PHOTO-2023-07-10-10-54-19-768x1024.jpg 768w, https:\/\/bajantessinobras.com\/wp-content\/uploads\/2023\/05\/PHOTO-2023-07-10-10-54-19.jpg 1200w\" sizes=\"auto, (max-width: 225px) 100vw, 225px\" \/><\/p>\n<p>Calle Jover, n. 32 Castell\u00f3n<\/p>\n<p><img loading=\"lazy\" decoding=\"async\" class=\"alignnone size-medium wp-image-4771\" src=\"\/wp-content\/uploads\/2023\/05\/PHOTO-2023-06-27-09-28-48-225x300.jpg\" alt=\"\" width=\"225\" height=\"300\" srcset=\"https:\/\/bajantessinobras.com\/wp-content\/uploads\/2023\/05\/PHOTO-2023-06-27-09-28-48-225x300.jpg 225w, https:\/\/bajantessinobras.com\/wp-content\/uploads\/2023\/05\/PHOTO-2023-06-27-09-28-48-768x1024.jpg 768w, https:\/\/bajantessinobras.com\/wp-content\/uploads\/2023\/05\/PHOTO-2023-06-27-09-28-48.jpg 1200w\" sizes=\"auto, (max-width: 225px) 100vw, 225px\" \/><\/p>\n<p>Calle de los Reyes Catolicos, n. 20 Alicante<\/p>\n<p><img loading=\"lazy\" decoding=\"async\" class=\"alignnone size-medium wp-image-4772\" src=\"\/wp-content\/uploads\/2023\/05\/PHOTO-2023-06-19-09-43-39-225x300.jpg\" alt=\"\" width=\"225\" height=\"300\" srcset=\"https:\/\/bajantessinobras.com\/wp-content\/uploads\/2023\/05\/PHOTO-2023-06-19-09-43-39-225x300.jpg 225w, https:\/\/bajantessinobras.com\/wp-content\/uploads\/2023\/05\/PHOTO-2023-06-19-09-43-39-768x1024.jpg 768w, https:\/\/bajantessinobras.com\/wp-content\/uploads\/2023\/05\/PHOTO-2023-06-19-09-43-39.jpg 1200w\" sizes=\"auto, (max-width: 225px) 100vw, 225px\" \/><\/p>\n<p>Calle Artana, n. 5\u00a0 Castell\u00f3n<\/p>\n<p><img loading=\"lazy\" decoding=\"async\" class=\"alignnone size-medium wp-image-4773\" src=\"\/wp-content\/uploads\/2023\/05\/PHOTO-2023-05-08-11-54-51-300x218.jpg\" alt=\"\" width=\"300\" height=\"218\" srcset=\"https:\/\/bajantessinobras.com\/wp-content\/uploads\/2023\/05\/PHOTO-2023-05-08-11-54-51-300x218.jpg 300w, https:\/\/bajantessinobras.com\/wp-content\/uploads\/2023\/05\/PHOTO-2023-05-08-11-54-51-768x559.jpg 768w, https:\/\/bajantessinobras.com\/wp-content\/uploads\/2023\/05\/PHOTO-2023-05-08-11-54-51.jpg 775w\" sizes=\"auto, (max-width: 300px) 100vw, 300px\" \/><\/p>\n<p><img loading=\"lazy\" decoding=\"async\" class=\"alignnone size-medium wp-image-4774\" src=\"\/wp-content\/uploads\/2023\/05\/PHOTO-2023-05-31-16-40-40-225x300.jpg\" alt=\"\" width=\"225\" height=\"300\" srcset=\"https:\/\/bajantessinobras.com\/wp-content\/uploads\/2023\/05\/PHOTO-2023-05-31-16-40-40-225x300.jpg 225w, https:\/\/bajantessinobras.com\/wp-content\/uploads\/2023\/05\/PHOTO-2023-05-31-16-40-40-768x1024.jpg 768w, https:\/\/bajantessinobras.com\/wp-content\/uploads\/2023\/05\/PHOTO-2023-05-31-16-40-40.jpg 960w\" sizes=\"auto, (max-width: 225px) 100vw, 225px\" \/><\/p>\n<p>Ed. Torre del Este Avda. de la Armada Espa\u00f1ola, n. 9 Santa Pola\u00a0 (Alicante)<\/p>\n","protected":false},"excerpt":{"rendered":"<p>TRABAJOS REALIZADOS 2023 Edificio Marina Alcoc\u00e9ber (Castell\u00f3n) Plaza el Sol, 15 Alcorcon ( Madrid ) Apartamentos Tombatossals Benicassim ( Castell\u00f3n) Apartamentos Don Quijote, Avda. Ferrandis Salvador, 150 Benicassim ( Castell\u00f3n ) Apartamentos Estoril Benicassim ( Castell\u00f3n) Avda. General Marva, 17 Alicante Calle Alonso, n. 22 Madrid Calle Parvillas Bajas, n. 41 Madrid Avda. de la &hellip; <\/p>\n<p class=\"link-more\"><a href=\"https:\/\/bajantessinobras.com\/?p=4752\" class=\"more-link\">Continuar leyendo<span class=\"screen-reader-text\"> \u00abTRABAJOS REALIZADOS 2023\u00bb<\/span><\/a><\/p>\n","protected":false},"author":2,"featured_media":0,"comment_status":"closed","ping_status":"closed","sticky":false,"template":"","format":"standard","meta":{"footnotes":""},"categories":[1],"tags":[],"class_list":["post-4752","post","type-post","status-publish","format-standard","hentry","category-sin-categoria"],"_links":{"self":[{"href":"https:\/\/bajantessinobras.com\/index.php?rest_route=\/wp\/v2\/posts\/4752","targetHints":{"allow":["GET"]}}],"collection":[{"href":"https:\/\/bajantessinobras.com\/index.php?rest_route=\/wp\/v2\/posts"}],"about":[{"href":"https:\/\/bajantessinobras.com\/index.php?rest_route=\/wp\/v2\/types\/post"}],"author":[{"embeddable":true,"href":"https:\/\/bajantessinobras.com\/index.php?rest_route=\/wp\/v2\/users\/2"}],"replies":[{"embeddable":true,"href":"https:\/\/bajantessinobras.com\/index.php?rest_route=%2Fwp%2Fv2%2Fcomments&post=4752"}],"version-history":[{"count":4,"href":"https:\/\/bajantessinobras.com\/index.php?rest_route=\/wp\/v2\/posts\/4752\/revisions"}],"predecessor-version":[{"id":4776,"href":"https:\/\/bajantessinobras.com\/index.php?rest_route=\/wp\/v2\/posts\/4752\/revisions\/4776"}],"wp:attachment":[{"href":"https:\/\/bajantessinobras.com\/index.php?rest_route=%2Fwp%2Fv2%2Fmedia&parent=4752"}],"wp:term":[{"taxonomy":"category","embeddable":true,"href":"https:\/\/bajantessinobras.com\/index.php?rest_route=%2Fwp%2Fv2%2Fcategories&post=4752"},{"taxonomy":"post_tag","embeddable":true,"href":"https:\/\/bajantessinobras.com\/index.php?rest_route=%2Fwp%2Fv2%2Ftags&post=4752"}],"curies":[{"name":"wp","href":"https:\/\/api.w.org\/{rel}","templated":true}]}}